{"id":9419,"date":"2020-10-15T14:38:59","date_gmt":"2020-10-15T14:38:59","guid":{"rendered":"https:\/\/rikversteeg.nl\/?p=9419"},"modified":"2024-03-27T10:44:28","modified_gmt":"2024-03-27T10:44:28","slug":"ahmad-joudeh-dance-photography-collaboration-blogpost","status":"publish","type":"post","link":"https:\/\/rikversteeg.com\/nl\/ahmad-joudeh-dans-fotografie-samenwerking-blogpost\/","title":{"rendered":"Ahmad Joudeh x Studio Rik Versteeg Samenwerking"},"content":{"rendered":"<div class=\"wp-block-columns is-layout-flex wp-container-core-columns-is-layout-9d6595d7 wp-block-columns-is-layout-flex\">\n<div class=\"wp-block-column is-layout-flow wp-block-column-is-layout-flow\">\n<p>Nadat ik Ahmad in 2019 in Amsterdam had ontmoet, ben ik gaan nadenken over een concept voor een samenwerking. Als inspiratiebron wilde ik een aansprekende samenwerking cre\u00ebren met inspiratie van het Triadisches Ballet. Ik denk al een aantal jaren aan het Triadisches Ballet en het verhaal erachter sprak mij altijd aan.<\/p>\n\n\n\n<p>Ahmad Joudeh is een balletdanser uit Syri\u00eb en woont in Amsterdam. Ahmad werd in 1990 in Damascus geboren als staatloze vluchteling.<br>Tijdens de burgeroorlog maakte hij levensbedreigende situaties mee, werd zijn huis verwoest en verloor hij vijf familieleden. Nadat hij getuige was geweest van de dood van een kind in een veldslag, begon hij te werken voor weeskinderen in de oorlog. Hij nam deel aan activiteiten van SOS Kinderdorpen Syri\u00eb: het houden van dansshows voor fondsenwerving en dansworkshops voor weeskinderen in hun dorpen.<\/p>\n\n\n\n<p>In oktober 2016 verhuisde Ahmad naar Amsterdam. Hij begon te dansen bij het Nationale Balletgezelschap van Nederland. Nu is hij freelance danser en werkt hij aan veel projecten. Hij heeft ook bijgedragen aan evenementen om het bewustzijn over de vluchtelingensituatie te vergroten.<\/p>\n\n\n\n<div class=\"wp-block-columns is-layout-flex wp-container-core-columns-is-layout-9d6595d7 wp-block-columns-is-layout-flex\">\n<div class=\"wp-block-column is-layout-flow wp-block-column-is-layout-flow\"><\/div>\n\n\n\n<div class=\"wp-block-column is-layout-flow wp-block-column-is-layout-flow\"><\/div>\n<\/div>\n<\/div>\n\n\n\n<div class=\"wp-block-column is-layout-flow wp-block-column-is-layout-flow\">\n<figure class=\"wp-block-image size-large is-style-rounded\"><a href=\"https:\/\/i0.wp.com\/rikversteeg.com\/wp-content\/uploads\/2020\/10\/ahmad2.jpg?ssl=1\"><img data-recalc-dims=\"1\" loading=\"lazy\" decoding=\"async\" width=\"400\" height=\"401\" src=\"https:\/\/i0.wp.com\/rikversteeg.com\/wp-content\/uploads\/2020\/10\/ahmad2.jpg?resize=400%2C401&#038;ssl=1\" alt=\"\" class=\"wp-image-9437\" srcset=\"https:\/\/i0.wp.com\/rikversteeg.com\/wp-content\/uploads\/2020\/10\/ahmad2.jpg?w=400&amp;ssl=1 400w, https:\/\/i0.wp.com\/rikversteeg.com\/wp-content\/uploads\/2020\/10\/ahmad2.jpg?resize=300%2C300&amp;ssl=1 300w, https:\/\/i0.wp.com\/rikversteeg.com\/wp-content\/uploads\/2020\/10\/ahmad2.jpg?resize=100%2C100&amp;ssl=1 100w, https:\/\/i0.wp.com\/rikversteeg.com\/wp-content\/uploads\/2020\/10\/ahmad2.jpg?resize=150%2C150&amp;ssl=1 150w\" sizes=\"auto, (max-width: 400px) 100vw, 400px\" \/><\/a><figcaption>Portret die ik gemaakt heb van Ahmad Joudeh in mijn studio.<\/figcaption><\/figure>\n<\/div>\n<\/div>\n\n\n\n<div style=\"height:100px\" aria-hidden=\"true\" class=\"wp-block-spacer\"><\/div>\n\n\n\n<div class=\"wp-block-columns is-layout-flex wp-container-core-columns-is-layout-9d6595d7 wp-block-columns-is-layout-flex\">\n<div class=\"wp-block-column is-layout-flow wp-block-column-is-layout-flow\">\n<h2 class=\"has-large-font-size wp-block-heading\" id=\"inspiration\"><span style=\"text-decoration: underline;\">INSPIRATIE.<\/span><\/h2>\n<\/div>\n\n\n\n<div class=\"wp-block-column is-layout-flow wp-block-column-is-layout-flow\"><\/div>\n<\/div>\n\n\n\n<div class=\"wp-block-columns is-layout-flex wp-container-core-columns-is-layout-9d6595d7 wp-block-columns-is-layout-flex\">\n<div class=\"wp-block-column is-layout-flow wp-block-column-is-layout-flow\">\n<p>Ik heb veel onderzoek gedaan naar het Triadisches Ballet en kwam er al snel achter waarom het zo\u2019n opmerkelijke stijl heeft. Het Triadisches Ballet is in 1921 ontwikkeld door Oskar Schlemmer en heeft bijgedragen aan de verspreiding van de ethiek van de Bauhaus-periode. Ze gebruiken veel geometrische vormen, zoals je kunt zien in het decorontwerp en de kostuums. De kostuums zijn zo ontworpen dat de dansers uiterst beperkt zijn in hun bewegingen. Voor mijn idee\u00ebn heb ik gebruik gemaakt van de hoepels, cirkels, goud- en koperkleur en maskers die in het Triadisches ballet worden gebruikt.<\/p>\n<\/div>\n\n\n\n<div class=\"wp-block-column is-layout-flow wp-block-column-is-layout-flow\">\n<figure class=\"wp-block-image size-medium\"><a href=\"https:\/\/i0.wp.com\/rikversteeg.com\/wp-content\/uploads\/2020\/10\/Screenshot-2020-10-15-at-13.44.40.png?ssl=1\"><img data-recalc-dims=\"1\" loading=\"lazy\" decoding=\"async\" width=\"300\" height=\"253\" src=\"https:\/\/i0.wp.com\/rikversteeg.com\/wp-content\/uploads\/2020\/10\/Screenshot-2020-10-15-at-13.44.40.png?resize=300%2C253&#038;ssl=1\" alt=\"\" class=\"wp-image-9451\" srcset=\"https:\/\/i0.wp.com\/rikversteeg.com\/wp-content\/uploads\/2020\/10\/Screenshot-2020-10-15-at-13.44.40.png?resize=300%2C253&amp;ssl=1 300w, https:\/\/i0.wp.com\/rikversteeg.com\/wp-content\/uploads\/2020\/10\/Screenshot-2020-10-15-at-13.44.40.png?w=384&amp;ssl=1 384w\" sizes=\"auto, (max-width: 300px) 100vw, 300px\" \/><\/a><\/figure>\n<\/div>\n<\/div>\n\n\n\n<div class=\"wp-block-columns is-layout-flex wp-container-core-columns-is-layout-9d6595d7 wp-block-columns-is-layout-flex\">\n<div class=\"wp-block-column is-layout-flow wp-block-column-is-layout-flow\">\n<div class=\"wp-block-image\"><figure class=\"alignright size-large is-resized\"><a href=\"https:\/\/i0.wp.com\/rikversteeg.com\/wp-content\/uploads\/2020\/10\/Screenshot-2020-10-15-at-13.47.27.png?ssl=1\"><img data-recalc-dims=\"1\" loading=\"lazy\" decoding=\"async\" src=\"https:\/\/i0.wp.com\/rikversteeg.com\/wp-content\/uploads\/2020\/10\/Screenshot-2020-10-15-at-13.47.27.png?resize=247%2C449&#038;ssl=1\" alt=\"\" class=\"wp-image-9454\" width=\"247\" height=\"449\" srcset=\"https:\/\/i0.wp.com\/rikversteeg.com\/wp-content\/uploads\/2020\/10\/Screenshot-2020-10-15-at-13.47.27.png?w=329&amp;ssl=1 329w, https:\/\/i0.wp.com\/rikversteeg.com\/wp-content\/uploads\/2020\/10\/Screenshot-2020-10-15-at-13.47.27.png?resize=300%2C546&amp;ssl=1 300w, https:\/\/i0.wp.com\/rikversteeg.com\/wp-content\/uploads\/2020\/10\/Screenshot-2020-10-15-at-13.47.27.png?resize=165%2C300&amp;ssl=1 165w\" sizes=\"auto, (max-width: 247px) 100vw, 247px\" \/><\/a><\/figure><\/div>\n<\/div>\n\n\n\n<div class=\"wp-block-column is-layout-flow wp-block-column-is-layout-flow\">\n<figure class=\"wp-block-pullquote\"><blockquote><p>Als de hedendaagse kunsten houden van de machine, technologie en organisatie, als ze streven naar precisie en al het vage en dromerige afwijzen, impliceert dit een instinctieve verwerping van chaos en een verlangen om de vorm te vinden die past bij onze tijd.<\/p><cite>oskar schlemmer<\/cite><\/blockquote><\/figure>\n<\/div>\n<\/div>\n\n\n\n<div style=\"height:100px\" aria-hidden=\"true\" class=\"wp-block-spacer\"><\/div>\n\n\n\n<h2 class=\"has-large-font-size wp-block-heading\" id=\"work-process\"><span style=\"text-decoration: underline;\">WERK PROCES.<\/span>&nbsp;<\/h2>\n\n\n\n<div class=\"wp-block-columns is-layout-flex wp-container-core-columns-is-layout-9d6595d7 wp-block-columns-is-layout-flex\">\n<div class=\"wp-block-column is-layout-flow wp-block-column-is-layout-flow\">\n<p>Alle kostuums, maskers en decorontwerpen heb ik zelf in de studio gemaakt met de hulp van Marjolein, mijn stagiaire. Door zelf de rekwisieten te maken wilden we hetzelfde gevoel terugbrengen. Bovendien waren de spullen die ik wilde gebruiken nergens te vinden, er zat niets anders op dan te leren naaien, naaien en patronen voor kleding tekenen. Voor andere shoots heb ik ook maskers en kleding gemaakt, maar ik kan met trots zeggen dat ik deze keer alles zelf heb ontworpen, wat deze shoot voor mij nog specialer maakt!<\/p>\n\n\n\n<p>We hebben 5 verschillende kostuums gemaakt en 3 maskers zelf gemaakt. Rik maakte ook een riem met veel kettingen en kleurrijke strasssteentjes. De maskers en outfits zijn uiteraard ge\u00efnspireerd op de Tridisches Balletkostuums. We gebruikten allerlei elementen als inspiratie. We gebruikten veel verschillende materialen voor kostuums en maskers. We gebruikten koperpapier, koperstof van de markt, parels en koperdraad.<\/p>\n\n\n\n<p>We hebben ervoor gekozen om in twee van de maskers koperdraad te gebruiken, omdat dit een van de belangrijkste elementen is van het ballet dat ons erg goed beviel. Het koper was buigbaar en laat veel highlights zien en zorgt voor mooie diepte in het masker. We hebben kleinere koperdraad rond een grotere draad gewikkeld om een \u200b\u200bgedetailleerd uiterlijk te cre\u00ebren. Het duurde een eeuwigheid, maar het was de tijd waard! De riem is meer ge\u00efnspireerd door een Arabische invloed, het land waar Ahmad enkele jaren heeft gewoond.<\/p>\n<\/div>\n\n\n\n<div class=\"wp-block-column is-layout-flow wp-block-column-is-layout-flow\">\n<figure class=\"wp-block-image size-large is-resized\"><a href=\"https:\/\/i0.wp.com\/rikversteeg.com\/wp-content\/uploads\/2020\/10\/Screenshot-2020-10-15-at-15.11.01.png?ssl=1\"><img data-recalc-dims=\"1\" loading=\"lazy\" decoding=\"async\" src=\"https:\/\/i0.wp.com\/rikversteeg.com\/wp-content\/uploads\/2020\/10\/Screenshot-2020-10-15-at-15.11.01.png?resize=384%2C512&#038;ssl=1\" alt=\"\" class=\"wp-image-9469\" width=\"384\" height=\"512\" srcset=\"https:\/\/i0.wp.com\/rikversteeg.com\/wp-content\/uploads\/2020\/10\/Screenshot-2020-10-15-at-15.11.01.png?resize=767%2C1024&amp;ssl=1 767w, https:\/\/i0.wp.com\/rikversteeg.com\/wp-content\/uploads\/2020\/10\/Screenshot-2020-10-15-at-15.11.01.png?resize=300%2C401&amp;ssl=1 300w, https:\/\/i0.wp.com\/rikversteeg.com\/wp-content\/uploads\/2020\/10\/Screenshot-2020-10-15-at-15.11.01.png?resize=600%2C801&amp;ssl=1 600w, https:\/\/i0.wp.com\/rikversteeg.com\/wp-content\/uploads\/2020\/10\/Screenshot-2020-10-15-at-15.11.01.png?resize=225%2C300&amp;ssl=1 225w, https:\/\/i0.wp.com\/rikversteeg.com\/wp-content\/uploads\/2020\/10\/Screenshot-2020-10-15-at-15.11.01.png?resize=768%2C1026&amp;ssl=1 768w, https:\/\/i0.wp.com\/rikversteeg.com\/wp-content\/uploads\/2020\/10\/Screenshot-2020-10-15-at-15.11.01.png?resize=1116%2C1491&amp;ssl=1 1116w, https:\/\/i0.wp.com\/rikversteeg.com\/wp-content\/uploads\/2020\/10\/Screenshot-2020-10-15-at-15.11.01.png?resize=806%2C1077&amp;ssl=1 806w, https:\/\/i0.wp.com\/rikversteeg.com\/wp-content\/uploads\/2020\/10\/Screenshot-2020-10-15-at-15.11.01.png?resize=558%2C745&amp;ssl=1 558w, https:\/\/i0.wp.com\/rikversteeg.com\/wp-content\/uploads\/2020\/10\/Screenshot-2020-10-15-at-15.11.01.png?resize=655%2C875&amp;ssl=1 655w, https:\/\/i0.wp.com\/rikversteeg.com\/wp-content\/uploads\/2020\/10\/Screenshot-2020-10-15-at-15.11.01.png?resize=700%2C935&amp;ssl=1 700w, https:\/\/i0.wp.com\/rikversteeg.com\/wp-content\/uploads\/2020\/10\/Screenshot-2020-10-15-at-15.11.01.png?resize=500%2C668&amp;ssl=1 500w, https:\/\/i0.wp.com\/rikversteeg.com\/wp-content\/uploads\/2020\/10\/Screenshot-2020-10-15-at-15.11.01.png?w=1144&amp;ssl=1 1144w\" sizes=\"auto, (max-width: 384px) 100vw, 384px\" \/><\/a><\/figure>\n<\/div>\n<\/div>\n\n\n\n<div class=\"wp-block-columns is-layout-flex wp-container-core-columns-is-layout-9d6595d7 wp-block-columns-is-layout-flex\">\n<div class=\"wp-block-column is-layout-flow wp-block-column-is-layout-flow\">\n<figure class=\"wp-block-image size-large\"><a href=\"https:\/\/i0.wp.com\/rikversteeg.com\/wp-content\/uploads\/2020\/10\/Screenshot-2020-10-15-at-15.11.06.png?ssl=1\"><img data-recalc-dims=\"1\" loading=\"lazy\" decoding=\"async\" width=\"769\" height=\"1024\" src=\"https:\/\/i0.wp.com\/rikversteeg.com\/wp-content\/uploads\/2020\/10\/Screenshot-2020-10-15-at-15.11.06.png?resize=769%2C1024&#038;ssl=1\" alt=\"\" class=\"wp-image-9472\" srcset=\"https:\/\/i0.wp.com\/rikversteeg.com\/wp-content\/uploads\/2020\/10\/Screenshot-2020-10-15-at-15.11.06.png?resize=769%2C1024&amp;ssl=1 769w, https:\/\/i0.wp.com\/rikversteeg.com\/wp-content\/uploads\/2020\/10\/Screenshot-2020-10-15-at-15.11.06.png?resize=300%2C400&amp;ssl=1 300w, https:\/\/i0.wp.com\/rikversteeg.com\/wp-content\/uploads\/2020\/10\/Screenshot-2020-10-15-at-15.11.06.png?resize=600%2C799&amp;ssl=1 600w, https:\/\/i0.wp.com\/rikversteeg.com\/wp-content\/uploads\/2020\/10\/Screenshot-2020-10-15-at-15.11.06.png?resize=225%2C300&amp;ssl=1 225w, https:\/\/i0.wp.com\/rikversteeg.com\/wp-content\/uploads\/2020\/10\/Screenshot-2020-10-15-at-15.11.06.png?resize=768%2C1023&amp;ssl=1 768w, https:\/\/i0.wp.com\/rikversteeg.com\/wp-content\/uploads\/2020\/10\/Screenshot-2020-10-15-at-15.11.06.png?resize=1116%2C1487&amp;ssl=1 1116w, https:\/\/i0.wp.com\/rikversteeg.com\/wp-content\/uploads\/2020\/10\/Screenshot-2020-10-15-at-15.11.06.png?resize=806%2C1074&amp;ssl=1 806w, https:\/\/i0.wp.com\/rikversteeg.com\/wp-content\/uploads\/2020\/10\/Screenshot-2020-10-15-at-15.11.06.png?resize=558%2C743&amp;ssl=1 558w, https:\/\/i0.wp.com\/rikversteeg.com\/wp-content\/uploads\/2020\/10\/Screenshot-2020-10-15-at-15.11.06.png?resize=655%2C873&amp;ssl=1 655w, https:\/\/i0.wp.com\/rikversteeg.com\/wp-content\/uploads\/2020\/10\/Screenshot-2020-10-15-at-15.11.06.png?resize=700%2C933&amp;ssl=1 700w, https:\/\/i0.wp.com\/rikversteeg.com\/wp-content\/uploads\/2020\/10\/Screenshot-2020-10-15-at-15.11.06.png?resize=500%2C666&amp;ssl=1 500w, https:\/\/i0.wp.com\/rikversteeg.com\/wp-content\/uploads\/2020\/10\/Screenshot-2020-10-15-at-15.11.06.png?w=1138&amp;ssl=1 1138w\" sizes=\"auto, (max-width: 769px) 100vw, 769px\" \/><\/a><\/figure>\n<\/div>\n\n\n\n<div class=\"wp-block-column is-layout-flow wp-block-column-is-layout-flow\">\n<figure class=\"wp-block-image size-large\"><a href=\"https:\/\/i0.wp.com\/rikversteeg.com\/wp-content\/uploads\/2020\/10\/Screenshot-2020-10-15-at-15.11.13.png?ssl=1\"><img data-recalc-dims=\"1\" loading=\"lazy\" decoding=\"async\" width=\"764\" height=\"1024\" src=\"https:\/\/i0.wp.com\/rikversteeg.com\/wp-content\/uploads\/2020\/10\/Screenshot-2020-10-15-at-15.11.13.png?resize=764%2C1024&#038;ssl=1\" alt=\"\" class=\"wp-image-9473\" srcset=\"https:\/\/i0.wp.com\/rikversteeg.com\/wp-content\/uploads\/2020\/10\/Screenshot-2020-10-15-at-15.11.13.png?resize=764%2C1024&amp;ssl=1 764w, https:\/\/i0.wp.com\/rikversteeg.com\/wp-content\/uploads\/2020\/10\/Screenshot-2020-10-15-at-15.11.13.png?resize=300%2C402&amp;ssl=1 300w, https:\/\/i0.wp.com\/rikversteeg.com\/wp-content\/uploads\/2020\/10\/Screenshot-2020-10-15-at-15.11.13.png?resize=600%2C804&amp;ssl=1 600w, https:\/\/i0.wp.com\/rikversteeg.com\/wp-content\/uploads\/2020\/10\/Screenshot-2020-10-15-at-15.11.13.png?resize=224%2C300&amp;ssl=1 224w, https:\/\/i0.wp.com\/rikversteeg.com\/wp-content\/uploads\/2020\/10\/Screenshot-2020-10-15-at-15.11.13.png?resize=768%2C1029&amp;ssl=1 768w, https:\/\/i0.wp.com\/rikversteeg.com\/wp-content\/uploads\/2020\/10\/Screenshot-2020-10-15-at-15.11.13.png?resize=1116%2C1496&amp;ssl=1 1116w, https:\/\/i0.wp.com\/rikversteeg.com\/wp-content\/uploads\/2020\/10\/Screenshot-2020-10-15-at-15.11.13.png?resize=806%2C1080&amp;ssl=1 806w, https:\/\/i0.wp.com\/rikversteeg.com\/wp-content\/uploads\/2020\/10\/Screenshot-2020-10-15-at-15.11.13.png?resize=558%2C748&amp;ssl=1 558w, https:\/\/i0.wp.com\/rikversteeg.com\/wp-content\/uploads\/2020\/10\/Screenshot-2020-10-15-at-15.11.13.png?resize=655%2C878&amp;ssl=1 655w, https:\/\/i0.wp.com\/rikversteeg.com\/wp-content\/uploads\/2020\/10\/Screenshot-2020-10-15-at-15.11.13.png?resize=700%2C938&amp;ssl=1 700w, https:\/\/i0.wp.com\/rikversteeg.com\/wp-content\/uploads\/2020\/10\/Screenshot-2020-10-15-at-15.11.13.png?resize=500%2C670&amp;ssl=1 500w, https:\/\/i0.wp.com\/rikversteeg.com\/wp-content\/uploads\/2020\/10\/Screenshot-2020-10-15-at-15.11.13.png?w=1140&amp;ssl=1 1140w\" sizes=\"auto, (max-width: 764px) 100vw, 764px\" \/><\/a><\/figure>\n<\/div>\n<\/div>\n\n\n\n<figure class=\"wp-block-pullquote is-style-default\"><blockquote><p>We hebben onze eigen visie en draai aan de belangrijkste elementen toegevoegd om een \u200b\u200b2020-versie van de kostuums van het ballet te cre\u00ebren. We besteden in totaal drie weken aan het cre\u00ebren van outfits, maskers en decorontwerp.<\/p><\/blockquote><\/figure>\n\n\n\n<div class=\"wp-block-image\"><figure class=\"aligncenter size-large is-resized\"><a href=\"https:\/\/i0.wp.com\/rikversteeg.com\/wp-content\/uploads\/2020\/10\/Screenshot-2020-10-15-at-15.12.20.png?ssl=1\"><img data-recalc-dims=\"1\" loading=\"lazy\" decoding=\"async\" src=\"https:\/\/i0.wp.com\/rikversteeg.com\/wp-content\/uploads\/2020\/10\/Screenshot-2020-10-15-at-15.12.20.png?resize=449%2C512&#038;ssl=1\" alt=\"\" class=\"wp-image-9474\" width=\"449\" height=\"512\" srcset=\"https:\/\/i0.wp.com\/rikversteeg.com\/wp-content\/uploads\/2020\/10\/Screenshot-2020-10-15-at-15.12.20.png?resize=898%2C1024&amp;ssl=1 898w, https:\/\/i0.wp.com\/rikversteeg.com\/wp-content\/uploads\/2020\/10\/Screenshot-2020-10-15-at-15.12.20.png?resize=300%2C342&amp;ssl=1 300w, https:\/\/i0.wp.com\/rikversteeg.com\/wp-content\/uploads\/2020\/10\/Screenshot-2020-10-15-at-15.12.20.png?resize=600%2C684&amp;ssl=1 600w, https:\/\/i0.wp.com\/rikversteeg.com\/wp-content\/uploads\/2020\/10\/Screenshot-2020-10-15-at-15.12.20.png?resize=263%2C300&amp;ssl=1 263w, https:\/\/i0.wp.com\/rikversteeg.com\/wp-content\/uploads\/2020\/10\/Screenshot-2020-10-15-at-15.12.20.png?resize=768%2C876&amp;ssl=1 768w, https:\/\/i0.wp.com\/rikversteeg.com\/wp-content\/uploads\/2020\/10\/Screenshot-2020-10-15-at-15.12.20.png?resize=806%2C919&amp;ssl=1 806w, https:\/\/i0.wp.com\/rikversteeg.com\/wp-content\/uploads\/2020\/10\/Screenshot-2020-10-15-at-15.12.20.png?resize=558%2C637&amp;ssl=1 558w, https:\/\/i0.wp.com\/rikversteeg.com\/wp-content\/uploads\/2020\/10\/Screenshot-2020-10-15-at-15.12.20.png?resize=655%2C747&amp;ssl=1 655w, https:\/\/i0.wp.com\/rikversteeg.com\/wp-content\/uploads\/2020\/10\/Screenshot-2020-10-15-at-15.12.20.png?resize=700%2C799&amp;ssl=1 700w, https:\/\/i0.wp.com\/rikversteeg.com\/wp-content\/uploads\/2020\/10\/Screenshot-2020-10-15-at-15.12.20.png?resize=500%2C570&amp;ssl=1 500w, https:\/\/i0.wp.com\/rikversteeg.com\/wp-content\/uploads\/2020\/10\/Screenshot-2020-10-15-at-15.12.20.png?w=938&amp;ssl=1 938w\" sizes=\"auto, (max-width: 449px) 100vw, 449px\" \/><\/a><\/figure><\/div>\n\n\n\n<div class=\"wp-block-columns is-layout-flex wp-container-core-columns-is-layout-9d6595d7 wp-block-columns-is-layout-flex\">\n<div class=\"wp-block-column is-layout-flow wp-block-column-is-layout-flow\">\n<div style=\"height:100px\" aria-hidden=\"true\" class=\"wp-block-spacer\"><\/div>\n<\/div>\n\n\n\n<div class=\"wp-block-column is-layout-flow wp-block-column-is-layout-flow\"><\/div>\n<\/div>\n\n\n\n<div class=\"wp-block-columns is-layout-flex wp-container-core-columns-is-layout-9d6595d7 wp-block-columns-is-layout-flex\">\n<div class=\"wp-block-column is-layout-flow wp-block-column-is-layout-flow\">\n<h2 class=\"has-large-font-size wp-block-heading\" id=\"set-design\"><span style=\"text-decoration: underline;\">DECOR BOUW.<\/span><\/h2>\n<\/div>\n\n\n\n<div class=\"wp-block-column is-layout-flow wp-block-column-is-layout-flow\"><\/div>\n<\/div>\n\n\n\n<div class=\"wp-block-columns is-layout-flex wp-container-core-columns-is-layout-9d6595d7 wp-block-columns-is-layout-flex\">\n<div class=\"wp-block-column is-layout-flow wp-block-column-is-layout-flow\">\n<p>Voor het decorontwerp wilden we veel diepgang en een dynamische flow hebben. We hebben twee grote muren in een grijs verloop geschilderd. We vonden ook goud- en zilverfolie, wat verrassend geweldig was om mee te werken. Deze folie was erg belangrijk voor het decorontwerp vanwege het vloei- en bewegingsgevoel. De folie zorgde voor veel highlights en schaduwen in de beelden, wat een perfecte match was met de kostuums.<\/p>\n\n\n\n<p>Voor de vloer hebben we een marmer- en dambordontwerp gebruikt. Het zorgde voor een surrealistische en high-end sfeer in de set.<\/p>\n\n\n\n<p>Voor het portret met het koperen masker hebben we gebruik gemaakt van golfspiegels om diepte en een surrealistische sfeer te cre\u00ebren. We hebben \u00e9\u00e9n spiegel onder het model geplaatst en \u00e9\u00e9n spiegel aan de zijkant van het model. De structuur van de spiegel past heel goed bij de golvende vorm van het masker.<\/p>\n\n\n\n<p>Voor het portret met het parelmasker hebben we een blauwfilter voor de lens gebruikt en een spiegelglasplaat achter het model. Het blauwfilter voor de lens zorgt voor een mysterieuze en onderwaterlook. Het maakte het licht ook zachter, zodat de parels veel meer glans zouden krijgen. Het blauwfilter maakt het beeld over het algemeen blauwer. We kwamen toevallig op dit idee terecht, maar het werkte heel goed.<\/p>\n<\/div>\n\n\n\n<div class=\"wp-block-column is-layout-flow wp-block-column-is-layout-flow\">\n<div class=\"wp-block-image\"><figure class=\"aligncenter size-large is-resized\"><a href=\"https:\/\/i0.wp.com\/rikversteeg.com\/wp-content\/uploads\/2020\/10\/166addf1-5fe5-48ad-b74f-b48ebfae2a62.jpg?ssl=1\"><img data-recalc-dims=\"1\" loading=\"lazy\" decoding=\"async\" src=\"https:\/\/i0.wp.com\/rikversteeg.com\/wp-content\/uploads\/2020\/10\/166addf1-5fe5-48ad-b74f-b48ebfae2a62.jpg?resize=384%2C512&#038;ssl=1\" alt=\"\" class=\"wp-image-9496\" width=\"384\" height=\"512\" srcset=\"https:\/\/i0.wp.com\/rikversteeg.com\/wp-content\/uploads\/2020\/10\/166addf1-5fe5-48ad-b74f-b48ebfae2a62.jpg?resize=768%2C1024&amp;ssl=1 768w, https:\/\/i0.wp.com\/rikversteeg.com\/wp-content\/uploads\/2020\/10\/166addf1-5fe5-48ad-b74f-b48ebfae2a62.jpg?resize=300%2C400&amp;ssl=1 300w, https:\/\/i0.wp.com\/rikversteeg.com\/wp-content\/uploads\/2020\/10\/166addf1-5fe5-48ad-b74f-b48ebfae2a62.jpg?resize=600%2C800&amp;ssl=1 600w, https:\/\/i0.wp.com\/rikversteeg.com\/wp-content\/uploads\/2020\/10\/166addf1-5fe5-48ad-b74f-b48ebfae2a62.jpg?resize=225%2C300&amp;ssl=1 225w, https:\/\/i0.wp.com\/rikversteeg.com\/wp-content\/uploads\/2020\/10\/166addf1-5fe5-48ad-b74f-b48ebfae2a62.jpg?resize=1152%2C1536&amp;ssl=1 1152w, https:\/\/i0.wp.com\/rikversteeg.com\/wp-content\/uploads\/2020\/10\/166addf1-5fe5-48ad-b74f-b48ebfae2a62.jpg?resize=1116%2C1488&amp;ssl=1 1116w, https:\/\/i0.wp.com\/rikversteeg.com\/wp-content\/uploads\/2020\/10\/166addf1-5fe5-48ad-b74f-b48ebfae2a62.jpg?resize=806%2C1075&amp;ssl=1 806w, https:\/\/i0.wp.com\/rikversteeg.com\/wp-content\/uploads\/2020\/10\/166addf1-5fe5-48ad-b74f-b48ebfae2a62.jpg?resize=558%2C744&amp;ssl=1 558w, https:\/\/i0.wp.com\/rikversteeg.com\/wp-content\/uploads\/2020\/10\/166addf1-5fe5-48ad-b74f-b48ebfae2a62.jpg?resize=655%2C873&amp;ssl=1 655w, https:\/\/i0.wp.com\/rikversteeg.com\/wp-content\/uploads\/2020\/10\/166addf1-5fe5-48ad-b74f-b48ebfae2a62.jpg?resize=700%2C933&amp;ssl=1 700w, https:\/\/i0.wp.com\/rikversteeg.com\/wp-content\/uploads\/2020\/10\/166addf1-5fe5-48ad-b74f-b48ebfae2a62.jpg?resize=500%2C667&amp;ssl=1 500w, https:\/\/i0.wp.com\/rikversteeg.com\/wp-content\/uploads\/2020\/10\/166addf1-5fe5-48ad-b74f-b48ebfae2a62.jpg?w=1200&amp;ssl=1 1200w\" sizes=\"auto, (max-width: 384px) 100vw, 384px\" \/><\/a><\/figure><\/div>\n<\/div>\n<\/div>\n\n\n\n<div class=\"wp-block-columns is-layout-flex wp-container-core-columns-is-layout-9d6595d7 wp-block-columns-is-layout-flex\">\n<div class=\"wp-block-column is-layout-flow wp-block-column-is-layout-flow\">\n<h2 class=\"has-large-font-size wp-block-heading\" id=\"shoot-time\"><span style=\"text-decoration: underline;\">FOTO TIJD!<\/span><\/h2>\n<\/div>\n\n\n\n<div class=\"wp-block-column is-layout-flow wp-block-column-is-layout-flow\"><\/div>\n<\/div>\n\n\n\n<div style=\"height:100px\" aria-hidden=\"true\" class=\"wp-block-spacer\"><\/div>\n\n\n\n<div class=\"wp-block-columns is-layout-flex wp-container-core-columns-is-layout-9d6595d7 wp-block-columns-is-layout-flex\">\n<div class=\"wp-block-column is-layout-flow wp-block-column-is-layout-flow\">\n<p>De studioshoot verliep erg goed. We begonnen met een kennismakingsgesprek en legden uit wat we wilden bereiken met de shoot. Voor Ahmad was deze shoot een beetje buitensporig en extremer dan zijn vorige shoots, maar hij was er ook erg enthousiast over.<\/p>\n\n\n\n<p>Marjolein hielp tijdens de shoot mee met het opbouwen van de set. Ze hield ook details, verlichting en andere belangrijke details in de gaten.<\/p>\n\n\n\n<p>We hebben niet echt problemen gehad tijdens de shoot. Zo nu en dan moest het beeld worden geperfectioneerd en moesten er enkele details worden gewijzigd. We hadden van tevoren alles voorbereid, zodat we ons tijdens de shoot volledig op het visuele konden concentreren.<\/p>\n<\/div>\n\n\n\n<div class=\"wp-block-column is-layout-flow wp-block-column-is-layout-flow\">\n<p>De eerste set werd al in de studio opgebouwd, ondertussen begon Ashley Prins met de make-up voor de eerste look. Ashley cre\u00eberde voor deze shoot vijf verschillende make-uplooks. Ze gebruikte roze, blauwe, groene, rode, gele en groene make-up. Deze kleuren pasten prachtig bij de kostuums, decorontwerpen en maskers. Elke blik kostte Ashley ongeveer 30 minuten. Ze heeft het echt geweldig en geweldig gedaan!<\/p>\n\n\n\n<p>Wij zijn erg blij met hoe de shoot is verlopen. Het was een lange maar zeer leerzame dag! <\/p>\n<\/div>\n<\/div>\n\n\n\n<figure class=\"wp-block-pullquote is-style-solid-color\"><blockquote><p>Houd ons in de gaten, want de resultaten worden zeer binnenkort gepubliceerd!<\/p><\/blockquote><\/figure>\n\n\n\n<p class=\"has-small-font-size\">Blogpost: Marjolein van Schaik <br>Model: <a href=\"http:\/\/www.ahmadjoudeh.com\">Ahmad Joudeh<\/a><br>Visagie: <a href=\"https:\/\/www.instagram.com\/glam.byprins\/\">Ashley Prins<\/a> <\/p>","protected":false},"excerpt":{"rendered":"<p>After meeting Ahmad in Amsterdam in 2019, I&#8217;ve started thinking about a concept for a collaboration. I wanted to create an appealing collaboration with the Triadisches Ballet as inspiration. I\u2019ve been thinking about the Triadisches Ballet for quite some years now and the story behind it always appealed to me. Ahmad Joudeh is a ballet dancer from Syria living in Amsterdam. Ahmad was born in Damascus in 1990 as a stateless refugee.Under the civil war, he experienced life-threatening situations, his home was destroyed, and he lost five family members. After witnessing a child killed in [&hellip;]<\/p>","protected":false},"author":1,"featured_media":9435,"comment_status":"closed","ping_status":"closed","sticky":false,"template":"","format":"standard","meta":{"_jetpack_memberships_contains_paid_content":false,"footnotes":""},"categories":[21,61,39],"tags":[57,2420,1101,63,67,2419],"class_list":["post-9419","post","type-post","status-publish","format-standard","has-post-thumbnail","hentry","category-backstage","category-collaborations","category-photography","tag-ahmad-joudeh","tag-bloh","tag-collaboration","tag-dancer","tag-nationaal-ballet","tag-syria"],"yoast_head":"<!-- This site is optimized with the Yoast SEO plugin v27.4 - https:\/\/yoast.com\/product\/yoast-seo-wordpress\/ -->\n<title>Ahmad Joudeh Dance Photography Collaboration Blogpost<\/title>\n<meta name=\"description\" content=\"Ahmad Joudeh Dance Photography. Ahmad a ballet dancer has been collaborating with me on a new free work series. Read the blog.\" \/>\n<meta name=\"robots\" content=\"index, follow, max-snippet:-1, max-image-preview:large, max-video-preview:-1\" \/>\n<link rel=\"canonical\" href=\"https:\/\/rikversteeg.com\/nl\/ahmad-joudeh-dans-fotografie-samenwerking-blogpost\/\" \/>\n<meta property=\"og:locale\" content=\"nl_NL\" \/>\n<meta property=\"og:type\" content=\"article\" \/>\n<meta property=\"og:title\" content=\"Ahmad Joudeh Dance Photography Collaboration Blogpost\" \/>\n<meta property=\"og:description\" content=\"Ahmad Joudeh Dance Photography. Ahmad a ballet dancer has been collaborating with me on a new free work series. Read the blog.\" \/>\n<meta property=\"og:url\" content=\"https:\/\/rikversteeg.com\/nl\/ahmad-joudeh-dans-fotografie-samenwerking-blogpost\/\" \/>\n<meta property=\"og:site_name\" content=\"Studio Rik Versteeg\" \/>\n<meta property=\"article:published_time\" content=\"2020-10-15T14:38:59+00:00\" \/>\n<meta property=\"article:modified_time\" content=\"2024-03-27T10:44:28+00:00\" \/>\n<meta property=\"og:image\" content=\"https:\/\/rikversteeg.com\/wp-content\/uploads\/2020\/10\/ahmad-copy-scaled.jpg\" \/>\n\t<meta property=\"og:image:width\" content=\"2560\" \/>\n\t<meta property=\"og:image:height\" content=\"1118\" \/>\n\t<meta property=\"og:image:type\" content=\"image\/jpeg\" \/>\n<meta name=\"author\" content=\"admin\" \/>\n<meta name=\"twitter:card\" content=\"summary_large_image\" \/>\n<meta name=\"twitter:label1\" content=\"Geschreven door\" \/>\n\t<meta name=\"twitter:data1\" content=\"admin\" \/>\n\t<meta name=\"twitter:label2\" content=\"Geschatte leestijd\" \/>\n\t<meta name=\"twitter:data2\" content=\"7 minuten\" \/>\n<script type=\"application\/ld+json\" class=\"yoast-schema-graph\">{\"@context\":\"https:\\\/\\\/schema.org\",\"@graph\":[{\"@type\":\"Article\",\"@id\":\"https:\\\/\\\/rikversteeg.com\\\/ahmad-joudeh-dance-photography-collaboration-blogpost\\\/#article\",\"isPartOf\":{\"@id\":\"https:\\\/\\\/rikversteeg.com\\\/ahmad-joudeh-dance-photography-collaboration-blogpost\\\/\"},\"author\":{\"name\":\"admin\",\"@id\":\"https:\\\/\\\/rikversteeg.com\\\/#\\\/schema\\\/person\\\/5ed86d1fe4fef3b2f7dbd78b6605b1ab\"},\"headline\":\"Ahmad Joudeh x Studio Rik Versteeg Collab\",\"datePublished\":\"2020-10-15T14:38:59+00:00\",\"dateModified\":\"2024-03-27T10:44:28+00:00\",\"mainEntityOfPage\":{\"@id\":\"https:\\\/\\\/rikversteeg.com\\\/ahmad-joudeh-dance-photography-collaboration-blogpost\\\/\"},\"wordCount\":1059,\"publisher\":{\"@id\":\"https:\\\/\\\/rikversteeg.com\\\/#\\\/schema\\\/person\\\/78d0b18f065861b29ce513f7b1dfbf88\"},\"image\":{\"@id\":\"https:\\\/\\\/rikversteeg.com\\\/ahmad-joudeh-dance-photography-collaboration-blogpost\\\/#primaryimage\"},\"thumbnailUrl\":\"https:\\\/\\\/i0.wp.com\\\/rikversteeg.com\\\/wp-content\\\/uploads\\\/2020\\\/10\\\/ahmad-copy-scaled.jpg?fit=2560%2C1118&ssl=1\",\"keywords\":[\"ahmad joudeh\",\"bloh\",\"Collaboration\",\"dancer\",\"nationaal ballet\",\"syria\"],\"articleSection\":[\"Backstage\",\"Collaborations\",\"Photography\"],\"inLanguage\":\"nl-NL\"},{\"@type\":\"WebPage\",\"@id\":\"https:\\\/\\\/rikversteeg.com\\\/ahmad-joudeh-dance-photography-collaboration-blogpost\\\/\",\"url\":\"https:\\\/\\\/rikversteeg.com\\\/ahmad-joudeh-dance-photography-collaboration-blogpost\\\/\",\"name\":\"Ahmad Joudeh Dance Photography Collaboration Blogpost\",\"isPartOf\":{\"@id\":\"https:\\\/\\\/rikversteeg.com\\\/#website\"},\"primaryImageOfPage\":{\"@id\":\"https:\\\/\\\/rikversteeg.com\\\/ahmad-joudeh-dance-photography-collaboration-blogpost\\\/#primaryimage\"},\"image\":{\"@id\":\"https:\\\/\\\/rikversteeg.com\\\/ahmad-joudeh-dance-photography-collaboration-blogpost\\\/#primaryimage\"},\"thumbnailUrl\":\"https:\\\/\\\/i0.wp.com\\\/rikversteeg.com\\\/wp-content\\\/uploads\\\/2020\\\/10\\\/ahmad-copy-scaled.jpg?fit=2560%2C1118&ssl=1\",\"datePublished\":\"2020-10-15T14:38:59+00:00\",\"dateModified\":\"2024-03-27T10:44:28+00:00\",\"description\":\"Ahmad Joudeh Dance Photography. Ahmad a ballet dancer has been collaborating with me on a new free work series. Read the blog.\",\"breadcrumb\":{\"@id\":\"https:\\\/\\\/rikversteeg.com\\\/ahmad-joudeh-dance-photography-collaboration-blogpost\\\/#breadcrumb\"},\"inLanguage\":\"nl-NL\",\"potentialAction\":[{\"@type\":\"ReadAction\",\"target\":[\"https:\\\/\\\/rikversteeg.com\\\/ahmad-joudeh-dance-photography-collaboration-blogpost\\\/\"]}]},{\"@type\":\"ImageObject\",\"inLanguage\":\"nl-NL\",\"@id\":\"https:\\\/\\\/rikversteeg.com\\\/ahmad-joudeh-dance-photography-collaboration-blogpost\\\/#primaryimage\",\"url\":\"https:\\\/\\\/i0.wp.com\\\/rikversteeg.com\\\/wp-content\\\/uploads\\\/2020\\\/10\\\/ahmad-copy-scaled.jpg?fit=2560%2C1118&ssl=1\",\"contentUrl\":\"https:\\\/\\\/i0.wp.com\\\/rikversteeg.com\\\/wp-content\\\/uploads\\\/2020\\\/10\\\/ahmad-copy-scaled.jpg?fit=2560%2C1118&ssl=1\",\"width\":2560,\"height\":1118,\"caption\":\"Ahmad Joudeh Dance Photography. Ahmad a ballet dancer has been collaborating with me on a new free work series. Read the blog.\"},{\"@type\":\"BreadcrumbList\",\"@id\":\"https:\\\/\\\/rikversteeg.com\\\/ahmad-joudeh-dance-photography-collaboration-blogpost\\\/#breadcrumb\",\"itemListElement\":[{\"@type\":\"ListItem\",\"position\":1,\"name\":\"Home\",\"item\":\"https:\\\/\\\/rikversteeg.com\\\/\"},{\"@type\":\"ListItem\",\"position\":2,\"name\":\"Ahmad Joudeh x Studio Rik Versteeg Collab\"}]},{\"@type\":\"WebSite\",\"@id\":\"https:\\\/\\\/rikversteeg.com\\\/#website\",\"url\":\"https:\\\/\\\/rikversteeg.com\\\/\",\"name\":\"Studio Rik Versteeg\",\"description\":\"Visual Artist, Rotterdam. Photography, Film, Design and Make-up. Fine Art Prints\",\"publisher\":{\"@id\":\"https:\\\/\\\/rikversteeg.com\\\/#\\\/schema\\\/person\\\/78d0b18f065861b29ce513f7b1dfbf88\"},\"potentialAction\":[{\"@type\":\"SearchAction\",\"target\":{\"@type\":\"EntryPoint\",\"urlTemplate\":\"https:\\\/\\\/rikversteeg.com\\\/?s={search_term_string}\"},\"query-input\":{\"@type\":\"PropertyValueSpecification\",\"valueRequired\":true,\"valueName\":\"search_term_string\"}}],\"inLanguage\":\"nl-NL\"},{\"@type\":[\"Person\",\"Organization\"],\"@id\":\"https:\\\/\\\/rikversteeg.com\\\/#\\\/schema\\\/person\\\/78d0b18f065861b29ce513f7b1dfbf88\",\"name\":\"Rik Versteeg\",\"image\":{\"@type\":\"ImageObject\",\"inLanguage\":\"nl-NL\",\"@id\":\"https:\\\/\\\/rikversteeg.com\\\/wp-content\\\/uploads\\\/2024\\\/02\\\/logorv.png\",\"url\":\"https:\\\/\\\/rikversteeg.com\\\/wp-content\\\/uploads\\\/2024\\\/02\\\/logorv.png\",\"contentUrl\":\"https:\\\/\\\/rikversteeg.com\\\/wp-content\\\/uploads\\\/2024\\\/02\\\/logorv.png\",\"width\":400,\"height\":400,\"caption\":\"Rik Versteeg\"},\"logo\":{\"@id\":\"https:\\\/\\\/rikversteeg.com\\\/wp-content\\\/uploads\\\/2024\\\/02\\\/logorv.png\"}},{\"@type\":\"Person\",\"@id\":\"https:\\\/\\\/rikversteeg.com\\\/#\\\/schema\\\/person\\\/5ed86d1fe4fef3b2f7dbd78b6605b1ab\",\"name\":\"admin\",\"sameAs\":[\"https:\\\/\\\/rikversteeg.com\"],\"url\":\"https:\\\/\\\/rikversteeg.com\\\/nl\"}]}<\/script>\n<!-- \/ Yoast SEO plugin. -->","yoast_head_json":{"title":"Ahmad Joudeh Dance Photography Collaboration Blogpost","description":"Ahmad Joudeh Dance Photography. Ahmad a ballet dancer has been collaborating with me on a new free work series. Read the blog.","robots":{"index":"index","follow":"follow","max-snippet":"max-snippet:-1","max-image-preview":"max-image-preview:large","max-video-preview":"max-video-preview:-1"},"canonical":"https:\/\/rikversteeg.com\/nl\/ahmad-joudeh-dans-fotografie-samenwerking-blogpost\/","og_locale":"nl_NL","og_type":"article","og_title":"Ahmad Joudeh Dance Photography Collaboration Blogpost","og_description":"Ahmad Joudeh Dance Photography. Ahmad a ballet dancer has been collaborating with me on a new free work series. Read the blog.","og_url":"https:\/\/rikversteeg.com\/nl\/ahmad-joudeh-dans-fotografie-samenwerking-blogpost\/","og_site_name":"Studio Rik Versteeg","article_published_time":"2020-10-15T14:38:59+00:00","article_modified_time":"2024-03-27T10:44:28+00:00","og_image":[{"width":2560,"height":1118,"url":"https:\/\/rikversteeg.com\/wp-content\/uploads\/2020\/10\/ahmad-copy-scaled.jpg","type":"image\/jpeg"}],"author":"admin","twitter_card":"summary_large_image","twitter_misc":{"Geschreven door":"admin","Geschatte leestijd":"7 minuten"},"schema":{"@context":"https:\/\/schema.org","@graph":[{"@type":"Article","@id":"https:\/\/rikversteeg.com\/ahmad-joudeh-dance-photography-collaboration-blogpost\/#article","isPartOf":{"@id":"https:\/\/rikversteeg.com\/ahmad-joudeh-dance-photography-collaboration-blogpost\/"},"author":{"name":"admin","@id":"https:\/\/rikversteeg.com\/#\/schema\/person\/5ed86d1fe4fef3b2f7dbd78b6605b1ab"},"headline":"Ahmad Joudeh x Studio Rik Versteeg Collab","datePublished":"2020-10-15T14:38:59+00:00","dateModified":"2024-03-27T10:44:28+00:00","mainEntityOfPage":{"@id":"https:\/\/rikversteeg.com\/ahmad-joudeh-dance-photography-collaboration-blogpost\/"},"wordCount":1059,"publisher":{"@id":"https:\/\/rikversteeg.com\/#\/schema\/person\/78d0b18f065861b29ce513f7b1dfbf88"},"image":{"@id":"https:\/\/rikversteeg.com\/ahmad-joudeh-dance-photography-collaboration-blogpost\/#primaryimage"},"thumbnailUrl":"https:\/\/i0.wp.com\/rikversteeg.com\/wp-content\/uploads\/2020\/10\/ahmad-copy-scaled.jpg?fit=2560%2C1118&ssl=1","keywords":["ahmad joudeh","bloh","Collaboration","dancer","nationaal ballet","syria"],"articleSection":["Backstage","Collaborations","Photography"],"inLanguage":"nl-NL"},{"@type":"WebPage","@id":"https:\/\/rikversteeg.com\/ahmad-joudeh-dance-photography-collaboration-blogpost\/","url":"https:\/\/rikversteeg.com\/ahmad-joudeh-dance-photography-collaboration-blogpost\/","name":"Ahmad Joudeh Dance Photography Collaboration Blogpost","isPartOf":{"@id":"https:\/\/rikversteeg.com\/#website"},"primaryImageOfPage":{"@id":"https:\/\/rikversteeg.com\/ahmad-joudeh-dance-photography-collaboration-blogpost\/#primaryimage"},"image":{"@id":"https:\/\/rikversteeg.com\/ahmad-joudeh-dance-photography-collaboration-blogpost\/#primaryimage"},"thumbnailUrl":"https:\/\/i0.wp.com\/rikversteeg.com\/wp-content\/uploads\/2020\/10\/ahmad-copy-scaled.jpg?fit=2560%2C1118&ssl=1","datePublished":"2020-10-15T14:38:59+00:00","dateModified":"2024-03-27T10:44:28+00:00","description":"Ahmad Joudeh Dance Photography. Ahmad a ballet dancer has been collaborating with me on a new free work series. Read the blog.","breadcrumb":{"@id":"https:\/\/rikversteeg.com\/ahmad-joudeh-dance-photography-collaboration-blogpost\/#breadcrumb"},"inLanguage":"nl-NL","potentialAction":[{"@type":"ReadAction","target":["https:\/\/rikversteeg.com\/ahmad-joudeh-dance-photography-collaboration-blogpost\/"]}]},{"@type":"ImageObject","inLanguage":"nl-NL","@id":"https:\/\/rikversteeg.com\/ahmad-joudeh-dance-photography-collaboration-blogpost\/#primaryimage","url":"https:\/\/i0.wp.com\/rikversteeg.com\/wp-content\/uploads\/2020\/10\/ahmad-copy-scaled.jpg?fit=2560%2C1118&ssl=1","contentUrl":"https:\/\/i0.wp.com\/rikversteeg.com\/wp-content\/uploads\/2020\/10\/ahmad-copy-scaled.jpg?fit=2560%2C1118&ssl=1","width":2560,"height":1118,"caption":"Ahmad Joudeh Dance Photography. Ahmad a ballet dancer has been collaborating with me on a new free work series. Read the blog."},{"@type":"BreadcrumbList","@id":"https:\/\/rikversteeg.com\/ahmad-joudeh-dance-photography-collaboration-blogpost\/#breadcrumb","itemListElement":[{"@type":"ListItem","position":1,"name":"Home","item":"https:\/\/rikversteeg.com\/"},{"@type":"ListItem","position":2,"name":"Ahmad Joudeh x Studio Rik Versteeg Collab"}]},{"@type":"WebSite","@id":"https:\/\/rikversteeg.com\/#website","url":"https:\/\/rikversteeg.com\/","name":"Studio Rik Versteeg","description":"Visual Artist, Rotterdam. Photography, Film, Design and Make-up. Fine Art Prints","publisher":{"@id":"https:\/\/rikversteeg.com\/#\/schema\/person\/78d0b18f065861b29ce513f7b1dfbf88"},"potentialAction":[{"@type":"SearchAction","target":{"@type":"EntryPoint","urlTemplate":"https:\/\/rikversteeg.com\/?s={search_term_string}"},"query-input":{"@type":"PropertyValueSpecification","valueRequired":true,"valueName":"search_term_string"}}],"inLanguage":"nl-NL"},{"@type":["Person","Organization"],"@id":"https:\/\/rikversteeg.com\/#\/schema\/person\/78d0b18f065861b29ce513f7b1dfbf88","name":"Rik Versteeg","image":{"@type":"ImageObject","inLanguage":"nl-NL","@id":"https:\/\/rikversteeg.com\/wp-content\/uploads\/2024\/02\/logorv.png","url":"https:\/\/rikversteeg.com\/wp-content\/uploads\/2024\/02\/logorv.png","contentUrl":"https:\/\/rikversteeg.com\/wp-content\/uploads\/2024\/02\/logorv.png","width":400,"height":400,"caption":"Rik Versteeg"},"logo":{"@id":"https:\/\/rikversteeg.com\/wp-content\/uploads\/2024\/02\/logorv.png"}},{"@type":"Person","@id":"https:\/\/rikversteeg.com\/#\/schema\/person\/5ed86d1fe4fef3b2f7dbd78b6605b1ab","name":"admin","sameAs":["https:\/\/rikversteeg.com"],"url":"https:\/\/rikversteeg.com\/nl"}]}},"jetpack_featured_media_url":"https:\/\/i0.wp.com\/rikversteeg.com\/wp-content\/uploads\/2020\/10\/ahmad-copy-scaled.jpg?fit=2560%2C1118&ssl=1","jetpack_sharing_enabled":true,"_links":{"self":[{"href":"https:\/\/rikversteeg.com\/nl\/wp-json\/wp\/v2\/posts\/9419","targetHints":{"allow":["GET"]}}],"collection":[{"href":"https:\/\/rikversteeg.com\/nl\/wp-json\/wp\/v2\/posts"}],"about":[{"href":"https:\/\/rikversteeg.com\/nl\/wp-json\/wp\/v2\/types\/post"}],"author":[{"embeddable":true,"href":"https:\/\/rikversteeg.com\/nl\/wp-json\/wp\/v2\/users\/1"}],"replies":[{"embeddable":true,"href":"https:\/\/rikversteeg.com\/nl\/wp-json\/wp\/v2\/comments?post=9419"}],"version-history":[{"count":1,"href":"https:\/\/rikversteeg.com\/nl\/wp-json\/wp\/v2\/posts\/9419\/revisions"}],"predecessor-version":[{"id":14396,"href":"https:\/\/rikversteeg.com\/nl\/wp-json\/wp\/v2\/posts\/9419\/revisions\/14396"}],"wp:featuredmedia":[{"embeddable":true,"href":"https:\/\/rikversteeg.com\/nl\/wp-json\/wp\/v2\/media\/9435"}],"wp:attachment":[{"href":"https:\/\/rikversteeg.com\/nl\/wp-json\/wp\/v2\/media?parent=9419"}],"wp:term":[{"taxonomy":"category","embeddable":true,"href":"https:\/\/rikversteeg.com\/nl\/wp-json\/wp\/v2\/categories?post=9419"},{"taxonomy":"post_tag","embeddable":true,"href":"https:\/\/rikversteeg.com\/nl\/wp-json\/wp\/v2\/tags?post=9419"}],"curies":[{"name":"wp","href":"https:\/\/api.w.org\/{rel}","templated":true}]}}